{"id":1199,"date":"2015-02-15T17:39:52","date_gmt":"2015-02-15T16:39:52","guid":{"rendered":"http:\/\/wp.tennis-nordhessen.de\/index.php\/2015\/02\/15\/weiter-mit-joerg-stein-als-praesident-klaus-dieter-stondzik-neuer-bezirksjugendwart\/"},"modified":"2024-02-08T08:48:43","modified_gmt":"2024-02-08T07:48:43","slug":"weiter-mit-joerg-stein-als-praesident-klaus-dieter-stondzik-neuer-bezirksjugendwart","status":"publish","type":"post","link":"https:\/\/tennis-nordhessen.de\/index.php\/2015\/02\/15\/weiter-mit-joerg-stein-als-praesident-klaus-dieter-stondzik-neuer-bezirksjugendwart\/","title":{"rendered":"Weiter mit J\u00f6rg Stein als Pr\u00e4sident &#8211; Klaus-Dieter Stondzik neuer Bezirksjugendwart"},"content":{"rendered":"<p>Wie bereits in den vergangenen Jahren verlief die Jahreshauptversammlung des Tennisbezirkes Nordhessen am vergangenen Samstag in Schauenburg \u00e4u\u00dferst harmonisch. In der zweist\u00fcndigen Sitzung wurden alle Beschl\u00fcsse und auch alle Wahlen einstimmig gefasst.<\/p>\n<p>Das f\u00fcr zwei Jahre gew\u00e4hlte Pr\u00e4sidium setzt sich wie folgt zusammen:<br \/> Pr\u00e4sident: J\u00f6rg Stein (D\u00f6rnhagen); Sportwart: Karl Emde (Sacvhsenhausen); Schatzmeister: Dr. Wolfgang Sch\u00e4fer (KTC Bad Wilhelmsh\u00f6he); Jugendwart: Klaus-Dieter Stondzik (ESV Jahn Kassel); Referent f\u00fcr Breitensport, Schultennis, Ausbildung und Vereinsservice: Wolfgang Henrich (TG Schauenburg); Schriftf\u00fchrer und Pressewart: Wilfried M\u00fcller (Blau-Wei\u00df Kassel).<br \/> Da der bisherige Jugendwart Wolfgang Schneider (Bad Wildungen) nicht mehr kandierte, wurde mit Klaus-Dieter Stondzik ein kompetenter Nachfolger gefunden.<\/p>\n<p>\u00a0<\/p>\n<p><img decoding=\"async\" class=\" size-full wp-image-1198\" src=\"http:\/\/wp.tennis-nordhessen.de\/wp-content\/uploads\/2015\/02\/vorstand_2015.jpg\" width=\"500\" srcset=\"https:\/\/tennis-nordhessen.de\/wp-content\/uploads\/2015\/02\/vorstand_2015.jpg 648w, https:\/\/tennis-nordhessen.de\/wp-content\/uploads\/2015\/02\/vorstand_2015-300x188.jpg 300w\" sizes=\"(max-width: 648px) 100vw, 648px\" \/><\/p>\n<p>Das Pr\u00e4sidium mit von links: J\u00f6rg Stein, Klaus-Dieter Stondzik, Karl Emde, Dr. Wolfgang Sch\u00e4fer, Wolfgang Henrich und Wilfried M\u00fcller<\/p>\n","protected":false},"excerpt":{"rendered":"<p>Wie bereits in den vergangenen Jahren verlief die Jahreshauptversammlung des Tennisbezirkes Nordhessen am vergangenen Samstag in Schauenburg \u00e4u\u00dferst harmonisch. In [&hellip;]<\/p>\n","protected":false},"author":1,"featured_media":1847,"comment_status":"closed","ping_status":"open","sticky":false,"template":"","format":"standard","meta":{"footnotes":""},"categories":[16],"tags":[],"class_list":["post-1199","post","type-post","status-publish","format-standard","has-post-thumbnail","hentry","category-infos-news"],"_links":{"self":[{"href":"https:\/\/tennis-nordhessen.de\/index.php\/wp-json\/wp\/v2\/posts\/1199","targetHints":{"allow":["GET"]}}],"collection":[{"href":"https:\/\/tennis-nordhessen.de\/index.php\/wp-json\/wp\/v2\/posts"}],"about":[{"href":"https:\/\/tennis-nordhessen.de\/index.php\/wp-json\/wp\/v2\/types\/post"}],"author":[{"embeddable":true,"href":"https:\/\/tennis-nordhessen.de\/index.php\/wp-json\/wp\/v2\/users\/1"}],"replies":[{"embeddable":true,"href":"https:\/\/tennis-nordhessen.de\/index.php\/wp-json\/wp\/v2\/comments?post=1199"}],"version-history":[{"count":0,"href":"https:\/\/tennis-nordhessen.de\/index.php\/wp-json\/wp\/v2\/posts\/1199\/revisions"}],"wp:featuredmedia":[{"embeddable":true,"href":"https:\/\/tennis-nordhessen.de\/index.php\/wp-json\/wp\/v2\/media\/1847"}],"wp:attachment":[{"href":"https:\/\/tennis-nordhessen.de\/index.php\/wp-json\/wp\/v2\/media?parent=1199"}],"wp:term":[{"taxonomy":"category","embeddable":true,"href":"https:\/\/tennis-nordhessen.de\/index.php\/wp-json\/wp\/v2\/categories?post=1199"},{"taxonomy":"post_tag","embeddable":true,"href":"https:\/\/tennis-nordhessen.de\/index.php\/wp-json\/wp\/v2\/tags?post=1199"}],"curies":[{"name":"wp","href":"https:\/\/api.w.org\/{rel}","templated":true}]}}