{"id":1280,"date":"2017-03-08T11:02:33","date_gmt":"2017-03-08T10:02:33","guid":{"rendered":"http:\/\/wp.tennis-nordhessen.de\/index.php\/2017\/03\/08\/u9-midcourt\/"},"modified":"2024-02-08T08:48:00","modified_gmt":"2024-02-08T07:48:00","slug":"u9-midcourt","status":"publish","type":"post","link":"https:\/\/tennis-nordhessen.de\/index.php\/2017\/03\/08\/u9-midcourt\/","title":{"rendered":"U9 Midcourt"},"content":{"rendered":"<p>Liebe Jugendwarte\/innen,&nbsp;<\/p>\n<p>ich m\u00f6chte heute auf die Mannschaftswettbewerbe U8 und U9 aufmerksam machen. Bez\u00fcglich U9 gibt es beim HTV noch einige Verwirrungen, aber das ist jetzt der aktuelle Stand. F\u00fcr beide Konkurrenzen gilt: Meldeschluss ist der 31.03.2017. Eingabe und Anmeldung \u00fcber HTO. Die Durchf\u00fchrungsbestimmungen f\u00fcr U8 sind auf der HTV-Homepage ver\u00f6ffentlicht. Die Bestimmungen f\u00fcr U9 finden Sie im Anhang.<\/p>\n<p><a target=\"_blank\" href=\"http:\/\/wp.tennis-nordhessen.de\/wp-content\/uploads\/2017\/03\/ausschreibungu9.pdf\" rel=\"noopener\">Ausschreibung jetzt ansehen&#8230;&nbsp;<\/a><\/p>\n<p>Es w\u00fcrde mich freuen, wenn beide Konkurrenzen stattfinden k\u00f6nnen. Also meine bitte: melden Sie aus Ihren Vereinen reichlich Mannschaften an. Das Feedback im letzten Jahr war, dass es f\u00fcr beide Altersklassen Bedarf gibt.<\/p>\n<p>F\u00fcr Fragen stehe ich immer gerne zur Verf\u00fcgung<\/p>\n<p>Klaus-Dieter Stondzik<br \/>Bezirksjugendwart<br \/>Spielleiter U8 und U9<\/p>\n","protected":false},"excerpt":{"rendered":"<p>Liebe Jugendwarte\/innen,&nbsp; ich m\u00f6chte heute auf die Mannschaftswettbewerbe U8 und U9 aufmerksam machen. Bez\u00fcglich U9 gibt es beim HTV noch [&hellip;]<\/p>\n","protected":false},"author":1,"featured_media":1847,"comment_status":"closed","ping_status":"open","sticky":false,"template":"","format":"standard","meta":{"footnotes":""},"categories":[16],"tags":[],"class_list":["post-1280","post","type-post","status-publish","format-standard","has-post-thumbnail","hentry","category-infos-news"],"_links":{"self":[{"href":"https:\/\/tennis-nordhessen.de\/index.php\/wp-json\/wp\/v2\/posts\/1280","targetHints":{"allow":["GET"]}}],"collection":[{"href":"https:\/\/tennis-nordhessen.de\/index.php\/wp-json\/wp\/v2\/posts"}],"about":[{"href":"https:\/\/tennis-nordhessen.de\/index.php\/wp-json\/wp\/v2\/types\/post"}],"author":[{"embeddable":true,"href":"https:\/\/tennis-nordhessen.de\/index.php\/wp-json\/wp\/v2\/users\/1"}],"replies":[{"embeddable":true,"href":"https:\/\/tennis-nordhessen.de\/index.php\/wp-json\/wp\/v2\/comments?post=1280"}],"version-history":[{"count":0,"href":"https:\/\/tennis-nordhessen.de\/index.php\/wp-json\/wp\/v2\/posts\/1280\/revisions"}],"wp:featuredmedia":[{"embeddable":true,"href":"https:\/\/tennis-nordhessen.de\/index.php\/wp-json\/wp\/v2\/media\/1847"}],"wp:attachment":[{"href":"https:\/\/tennis-nordhessen.de\/index.php\/wp-json\/wp\/v2\/media?parent=1280"}],"wp:term":[{"taxonomy":"category","embeddable":true,"href":"https:\/\/tennis-nordhessen.de\/index.php\/wp-json\/wp\/v2\/categories?post=1280"},{"taxonomy":"post_tag","embeddable":true,"href":"https:\/\/tennis-nordhessen.de\/index.php\/wp-json\/wp\/v2\/tags?post=1280"}],"curies":[{"name":"wp","href":"https:\/\/api.w.org\/{rel}","templated":true}]}}