{"id":1480,"date":"2020-11-04T17:57:26","date_gmt":"2020-11-04T16:57:26","guid":{"rendered":"http:\/\/wp.tennis-nordhessen.de\/index.php\/2020\/11\/04\/freizeit-und-amateursport-nun-vollstaendig-untersagt\/"},"modified":"2024-02-08T08:47:20","modified_gmt":"2024-02-08T07:47:20","slug":"freizeit-und-amateursport-nun-vollstaendig-untersagt","status":"publish","type":"post","link":"https:\/\/tennis-nordhessen.de\/index.php\/2020\/11\/04\/freizeit-und-amateursport-nun-vollstaendig-untersagt\/","title":{"rendered":"!!! Freizeit- und Amateursport nun vollst\u00e4ndig untersagt !!!"},"content":{"rendered":"<div class=\"\">Liebe Vereinfunktion\u00e4re,<\/div>\n<div class=\"\">Liebe Tennisspieler*Innen,<br class=\"\" \/><br class=\"\" \/>leider m\u00fcssen wir Ihnen schlechte Nachrichten \u00fcberbringen. Die Hessische Landesregierung hat heute am 03. November, die zuletzt am Freitag\u00a0ver\u00f6ffentlichte Verordnung kurzfristig und ohne vorherige Kommunikation am Tag des Inkrafttretens ge\u00e4ndert. Leidtragender Bereich bei diesen\u00a0\u00c4nderungen ist unter anderem der Sport. Ab dem 5. November bis Ende November ist der Freizeit- und Amateursport nun vollst\u00e4ndig untersagt \u2013 ohne\u00a0Ausnahme. Auch der Tennissport ist entgegen der urspr\u00fcnglichen Verordnung nun davon betroffen&#8230;<br class=\"\" \/><br class=\"\" \/>Am vergangenen Freitag (30.10.) hat die Hessische Landesregierung die neue Verordnung f\u00fcr Hessen zum angek\u00fcndigten Teil-Lockdown von Bund und\u00a0L\u00e4nder ver\u00f6ffentlicht. Wie wir am Samstag, den 31. Oktober, informiert haben, war der Freizeit- und Amateursport nach dieser Verordnung noch unter\u00a0gewissen Einschr\u00e4nkungen m\u00f6glich.<br class=\"\" \/><br class=\"\" \/>Nun kam es heute, nachdem die Ger\u00fcchtek\u00fcche bereits seit Montag Nachmittag brodelte, zur f\u00fcr uns alle \u00fcberraschenden und unverst\u00e4ndlichen\u00a0Kehrtwende. Wie man uns nun mitgeteilt hat, hat man die Verordnung am Tage des Inkrafttretens noch einmal ge\u00e4ndert \u2013 mit gravierenden Auswirkungen\u00a0auf den Sportbetrieb. Folge: Der Freizeit- und Amateursportbetrieb wird in ganz Hessen ab dem 5. November bis Ende des Monats vollst\u00e4ndig\u00a0ausgesetzt. Dies bedeutet auch, dass kein Tennis gespielt werden darf \u2013 nicht alleine, nicht zu zweit und auch nicht mit dem eigenen Hausstand. Alle\u00a0\u00f6ffentlichen und privaten Tennisanlagen \u2013 ob Halle oder Freiluft \u2013 m\u00fcssen geschlossen werden!\u00a0<br class=\"\" \/><br class=\"\" \/>In \u00a7 2.2 der Verordnung hei\u00dft es nun w\u00f6rtlich:\u00a0\u00a0\u201e(2) Bis zum Ablauf des 30. November 2020 ist der Betrieb von \u00f6ffentlichen und priva-ten Sportanlagen f\u00fcr\u00a0den Freizeit- und Amateursportbetrieb untersagt. Der Trainings- und Wettkampfbetrieb des Spitzen- und Profisports sowie der Schulsport sind nur ge-stattet, sofern diesem ein umfassendes Hygienekonzept zugrunde liegt und die Empfeh-lungen des Robert Koch-Instituts zur Hygiene beachtet werden.\u00a0Der Sportbetrieb ist fer-ner gestattet zur Vorbereitung auf und die Abnahme von Einstellungstest, Leistungsfest-stellungen sowie anderen Pr\u00fcfungen in\u00a0Ausbildungen und Studieng\u00e4ngen, bei denen Sport wesentlicher Bestandteil ist. Zuschauer sind nicht gestattet.\u201c\u00a0<br class=\"\" \/><br class=\"\" \/><br class=\"\" \/>Was bedeutet das nun f\u00fcr das Tennistraining?<br class=\"\" \/>Tennistraining ist somit ausnahmslos f\u00fcr den gesamten November untersagt!\u00a0<br class=\"\" \/><br class=\"\" \/>Tipp: Von diesem Lockdown betroffene Soloselbst\u00e4ndige Trainerinnen und Trainer sowie Tennis-Akademien k\u00f6nnen eine Corona-Entsch\u00e4digung f\u00fcr den\u00a0November beantragen. Alle weiteren Infos dazu finden Sie\u00a0hier.<br class=\"\" \/><br class=\"\" \/>\u00c4ndert sich etwas f\u00fcr den Wettkampfsport?<br class=\"\" \/>Wie bereits am Wochenende informiert, wird der Turnierbetrieb f\u00fcr den gesamten November eingestellt. Auch der Mannschaftsbetrieb wird mit dieser\u00a0neuen Entwicklung nun endg\u00fcltig ausgesetzt. Sofern nicht schon geschehen, informieren die Veranstalter \u00fcber m\u00f6gliche Neuansetzungen oder\u00a0notwendige Absagen.<br class=\"\" \/><br class=\"\" \/>Wie sieht der HTV diese Entwicklung?<br class=\"\" \/>Das gesamte HTV-Pr\u00e4sidium sowie die Mitarbeiterinnen und Mitarbeiter der Gesch\u00e4ftsstelle sind nicht nur von dieser kurzfristigen und \u00fcberraschenden\u00a0Entscheidung, sondern auch von der Art der Kommunikation zutiefst entt\u00e4uscht. Mit dem Korrigieren einer Verordnung in wesentlichen Punkten am\u00a0eigentlichen Tag des Inkrafttretens dieser, wird nicht nur das Vertrauen, sondern werden vielmehr die Existenzen unserer gro\u00dfen Tennisgemeinde\u00a0leichtfertig aufs Spiel gesetzt.\u00a0<br class=\"\" \/><br class=\"\" \/>Auf Grund dieser Tatsachen h\u00e4lt sich der HTV offen, rechtliche Schritte gegen diesen Vorgang einzuleiten.<br class=\"\" \/><br class=\"\" \/>Wir entschuldigen uns bei allen Beteiligten vielmals f\u00fcr die nun verursachten Umst\u00e4nde. Dennoch bitten wir Sie, die neuen Regelungen dringend zu\u00a0beachten und einzuhalten! Wir werden wieder informieren, sobald es neue Entwicklungen gibt. Bis dahin: Bleiben Sie gesund!<\/p>\n<div class=\"\">\u00a0<\/div>\n<div class=\"\"><span class=\"\" style=\"font-family: Helvetica; font-size: 12px; font-style: normal; font-variant-caps: normal; font-weight: normal; letter-spacing: normal; orphans: auto; text-align: start; text-indent: 0px; text-transform: none; white-space: normal; widows: auto; word-spacing: 0px; -webkit-text-size-adjust: auto; -webkit-text-stroke-width: 0px; text-decoration: none; caret-color: #000000; color: #000000; float: none; display: inline !important;\">Michael Otto<\/span><br class=\"\" style=\"font-family: Helvetica; font-size: 12px; font-style: normal; font-variant-caps: normal; font-weight: normal; letter-spacing: normal; orphans: auto; text-align: start; text-indent: 0px; text-transform: none; white-space: normal; widows: auto; word-spacing: 0px; -webkit-text-size-adjust: auto; -webkit-text-stroke-width: 0px; text-decoration: none; caret-color: #000000; color: #000000;\" \/><span class=\"\" style=\"font-family: Helvetica; font-size: 12px; font-style: normal; font-variant-caps: normal; font-weight: normal; letter-spacing: normal; orphans: auto; text-align: start; text-indent: 0px; text-transform: none; white-space: normal; widows: auto; word-spacing: 0px; -webkit-text-size-adjust: auto; -webkit-text-stroke-width: 0px; text-decoration: none; caret-color: #000000; color: #000000; float: none; display: inline !important;\">Vizepr\u00e4sident, Pressesprecher und Leiter des\u00a0Ressorts \u00d6ffentlichkeitsarbeit<\/span><br class=\"\" style=\"font-family: Helvetica; font-size: 12px; font-style: normal; font-variant-caps: normal; font-weight: normal; letter-spacing: normal; orphans: auto; text-align: start; text-indent: 0px; text-transform: none; white-space: normal; widows: auto; word-spacing: 0px; -webkit-text-size-adjust: auto; -webkit-text-stroke-width: 0px; text-decoration: none; caret-color: #000000; color: #000000;\" \/><br class=\"\" style=\"font-family: Helvetica; font-size: 12px; font-style: normal; font-variant-caps: normal; font-weight: normal; letter-spacing: normal; orphans: auto; text-align: start; text-indent: 0px; text-transform: none; white-space: normal; widows: auto; word-spacing: 0px; -webkit-text-size-adjust: auto; -webkit-text-stroke-width: 0px; text-decoration: none; caret-color: #000000; color: #000000;\" \/><span class=\"\" style=\"font-family: Helvetica; font-size: 12px; font-style: normal; font-variant-caps: normal; font-weight: normal; letter-spacing: normal; orphans: auto; text-align: start; text-indent: 0px; text-transform: none; white-space: normal; widows: auto; word-spacing: 0px; -webkit-text-size-adjust: auto; -webkit-text-stroke-width: 0px; text-decoration: none; caret-color: #000000; color: #000000; float: none; display: inline !important;\">Hessischer Tennis-Verband e.V.<\/span><br class=\"\" style=\"font-family: Helvetica; font-size: 12px; font-style: normal; font-variant-caps: normal; font-weight: normal; letter-spacing: normal; orphans: auto; text-align: start; text-indent: 0px; text-transform: none; white-space: normal; widows: auto; word-spacing: 0px; -webkit-text-size-adjust: auto; -webkit-text-stroke-width: 0px; text-decoration: none; caret-color: #000000; color: #000000;\" \/><span class=\"\" style=\"font-family: Helvetica; font-size: 12px; font-style: normal; font-variant-caps: normal; font-weight: normal; letter-spacing: normal; orphans: auto; text-align: start; text-indent: 0px; text-transform: none; white-space: normal; widows: auto; word-spacing: 0px; -webkit-text-size-adjust: auto; -webkit-text-stroke-width: 0px; text-decoration: none; caret-color: #000000; color: #000000; float: none; display: inline !important;\">Auf der Rosenh\u00f6he 68, 63069 Offenbach<\/span><br class=\"\" style=\"font-family: Helvetica; font-size: 12px; font-style: normal; font-variant-caps: normal; font-weight: normal; letter-spacing: normal; orphans: auto; text-align: start; text-indent: 0px; text-transform: none; white-space: normal; widows: auto; word-spacing: 0px; -webkit-text-size-adjust: auto; -webkit-text-stroke-width: 0px; text-decoration: none; caret-color: #000000; color: #000000;\" \/><span class=\"\" style=\"font-family: Helvetica; font-size: 12px; font-style: normal; font-variant-caps: normal; font-weight: normal; letter-spacing: normal; orphans: auto; text-align: start; text-indent: 0px; text-transform: none; white-space: normal; widows: auto; word-spacing: 0px; -webkit-text-size-adjust: auto; -webkit-text-stroke-width: 0px; text-decoration: none; caret-color: #000000; color: #000000; float: none; display: inline !important;\"><a class=\"\" href=\"mailto:michael.otto@htv-tennis.de\">E-Mail:\u00a0michael.otto@htv-tennis.de<\/a><\/span><br class=\"\" style=\"font-family: Helvetica; font-size: 12px; font-style: normal; font-variant-caps: normal; font-weight: normal; letter-spacing: normal; orphans: auto; text-align: start; text-indent: 0px; text-transform: none; white-space: normal; widows: auto; word-spacing: 0px; -webkit-text-size-adjust: auto; -webkit-text-stroke-width: 0px; text-decoration: none; caret-color: #000000; color: #000000;\" \/><span class=\"\" style=\"font-family: Helvetica; font-size: 12px; font-style: normal; font-variant-caps: normal; font-weight: normal; letter-spacing: normal; orphans: auto; text-align: start; text-indent: 0px; text-transform: none; white-space: normal; widows: auto; word-spacing: 0px; -webkit-text-size-adjust: auto; -webkit-text-stroke-width: 0px; text-decoration: none; caret-color: #000000; color: #000000; float: none; display: inline !important;\">Mobil: 0172-6703744<\/span><br class=\"\" style=\"font-family: Helvetica; font-size: 12px; font-style: normal; font-variant-caps: normal; font-weight: normal; letter-spacing: normal; orphans: auto; text-align: start; text-indent: 0px; text-transform: none; white-space: normal; widows: auto; word-spacing: 0px; -webkit-text-size-adjust: auto; -webkit-text-stroke-width: 0px; text-decoration: none; caret-color: #000000; color: #000000;\" \/><span class=\"\" style=\"font-family: Helvetica; font-size: 12px; font-style: normal; font-variant-caps: normal; font-weight: normal; letter-spacing: normal; orphans: auto; text-align: start; text-indent: 0px; text-transform: none; white-space: normal; widows: auto; word-spacing: 0px; -webkit-text-size-adjust: auto; -webkit-text-stroke-width: 0px; text-decoration: none; caret-color: #000000; color: #000000; float: none; display: inline !important;\">Festnetz: 069-94592304<\/span><br class=\"\" style=\"font-family: Helvetica; font-size: 12px; font-style: normal; font-variant-caps: normal; font-weight: normal; letter-spacing: normal; orphans: auto; text-align: start; text-indent: 0px; text-transform: none; white-space: normal; widows: auto; word-spacing: 0px; -webkit-text-size-adjust: auto; -webkit-text-stroke-width: 0px; text-decoration: none; caret-color: #000000; color: #000000;\" \/><span class=\"\" style=\"font-family: Helvetica; font-size: 12px; font-style: normal; font-variant-caps: normal; font-weight: normal; letter-spacing: normal; orphans: auto; text-align: start; text-indent: 0px; text-transform: none; white-space: normal; widows: auto; word-spacing: 0px; -webkit-text-size-adjust: auto; -webkit-text-stroke-width: 0px; text-decoration: none; caret-color: #000000; color: #000000; float: none; display: inline !important;\">Fax: 069-94592305<\/span><br class=\"\" style=\"font-family: Helvetica; font-size: 12px; font-style: normal; font-variant-caps: normal; font-weight: normal; letter-spacing: normal; orphans: auto; text-align: start; text-indent: 0px; text-transform: none; white-space: normal; widows: auto; word-spacing: 0px; -webkit-text-size-adjust: auto; -webkit-text-stroke-width: 0px; text-decoration: none; caret-color: #000000; color: #000000;\" \/><span class=\"\" style=\"font-family: Helvetica; font-size: 12px; font-style: normal; font-variant-caps: normal; font-weight: normal; letter-spacing: normal; orphans: auto; text-align: start; text-indent: 0px; text-transform: none; white-space: normal; widows: auto; word-spacing: 0px; -webkit-text-size-adjust: auto; -webkit-text-stroke-width: 0px; text-decoration: none; caret-color: #000000; color: #000000; float: none; display: inline !important;\">Homepage:\u00a0<a class=\"\" href=\"http:\/\/www.htv-tennis.de\/\">www.htv-tennis.de<\/a><\/span><br class=\"\" style=\"font-family: Helvetica; font-size: 12px; font-style: normal; font-variant-caps: normal; font-weight: normal; letter-spacing: normal; orphans: auto; text-align: start; text-indent: 0px; text-transform: none; white-space: normal; widows: auto; word-spacing: 0px; -webkit-text-size-adjust: auto; -webkit-text-stroke-width: 0px; text-decoration: none; caret-color: #000000; color: #000000;\" \/><span class=\"\" style=\"font-family: Helvetica; font-size: 12px; font-style: normal; font-variant-caps: normal; font-weight: normal; letter-spacing: normal; orphans: auto; text-align: start; text-indent: 0px; text-transform: none; white-space: normal; widows: auto; word-spacing: 0px; -webkit-text-size-adjust: auto; -webkit-text-stroke-width: 0px; text-decoration: none; caret-color: #000000; color: #000000; float: none; display: inline !important;\">Facebook:\u00a0<a class=\"\" href=\"http:\/\/www.facebook.com\/HessischerTennisVerband\/\">www.facebook.com\/HessischerTennisVerband\/<\/a><\/span><\/div>\n<div class=\"\">\u00a0<\/div>\n<div class=\"\">\u00a0<\/div>\n<\/div>\n","protected":false},"excerpt":{"rendered":"<p>Liebe Vereinfunktion\u00e4re, Liebe Tennisspieler*Innen,leider m\u00fcssen wir Ihnen schlechte Nachrichten \u00fcberbringen. Die Hessische Landesregierung hat heute am 03. November, die zuletzt [&hellip;]<\/p>\n","protected":false},"author":1,"featured_media":1847,"comment_status":"closed","ping_status":"open","sticky":false,"template":"","format":"standard","meta":{"footnotes":""},"categories":[16],"tags":[],"class_list":["post-1480","post","type-post","status-publish","format-standard","has-post-thumbnail","hentry","category-infos-news"],"_links":{"self":[{"href":"https:\/\/tennis-nordhessen.de\/index.php\/wp-json\/wp\/v2\/posts\/1480","targetHints":{"allow":["GET"]}}],"collection":[{"href":"https:\/\/tennis-nordhessen.de\/index.php\/wp-json\/wp\/v2\/posts"}],"about":[{"href":"https:\/\/tennis-nordhessen.de\/index.php\/wp-json\/wp\/v2\/types\/post"}],"author":[{"embeddable":true,"href":"https:\/\/tennis-nordhessen.de\/index.php\/wp-json\/wp\/v2\/users\/1"}],"replies":[{"embeddable":true,"href":"https:\/\/tennis-nordhessen.de\/index.php\/wp-json\/wp\/v2\/comments?post=1480"}],"version-history":[{"count":0,"href":"https:\/\/tennis-nordhessen.de\/index.php\/wp-json\/wp\/v2\/posts\/1480\/revisions"}],"wp:featuredmedia":[{"embeddable":true,"href":"https:\/\/tennis-nordhessen.de\/index.php\/wp-json\/wp\/v2\/media\/1847"}],"wp:attachment":[{"href":"https:\/\/tennis-nordhessen.de\/index.php\/wp-json\/wp\/v2\/media?parent=1480"}],"wp:term":[{"taxonomy":"category","embeddable":true,"href":"https:\/\/tennis-nordhessen.de\/index.php\/wp-json\/wp\/v2\/categories?post=1480"},{"taxonomy":"post_tag","embeddable":true,"href":"https:\/\/tennis-nordhessen.de\/index.php\/wp-json\/wp\/v2\/tags?post=1480"}],"curies":[{"name":"wp","href":"https:\/\/api.w.org\/{rel}","templated":true}]}}