{"id":1515,"date":"2021-09-08T11:20:16","date_gmt":"2021-09-08T09:20:16","guid":{"rendered":"http:\/\/wp.tennis-nordhessen.de\/index.php\/2021\/09\/08\/jhv-im-tb-nordhessen\/"},"modified":"2024-02-08T08:46:52","modified_gmt":"2024-02-08T07:46:52","slug":"jhv-im-tb-nordhessen","status":"publish","type":"post","link":"https:\/\/tennis-nordhessen.de\/index.php\/2021\/09\/08\/jhv-im-tb-nordhessen\/","title":{"rendered":"JHV im TB Nordhessen"},"content":{"rendered":"<p>Am 03.09.2021 fand erstmals eine Jahreshauptversammlung des Tennisbezirkes Nordhessen im Freien statt. Schauplatz war die teilweise \u00fcberdachte Terrasse der TG Schauenburg. Wie in Nordhessen seit vielen Jahren \u00fcblich konnte eine sehr harmonische Versammlung abgehalten werden, obwohl diese sich durch Corona auch um mehr als sechs Monate versp\u00e4tet darstellte. Das f\u00fcr zwei Jahre neu gew\u00e4hlte Pr\u00e4sidium von links: Wolfgang Henrich, Alexander Wessel, Wolfgang Sch\u00e4fer, J\u00f6rg Stein, Wilfried M\u00fcller und Klaus-Dieter Stondzik.<\/p>\n<p>Neben den Wahlen fanden auch die vorgelegten Etats jeweils einstimmig die Zustimmung.<br \/>Mit den goldenen Ehrennadeln des HTV wurden Karl Emde und Wolfgang Henrich vom Pr\u00e4sidenten J\u00f6rg Stein ausgezeichnet.<\/p>\n<p><img loading=\"lazy\" decoding=\"async\" class=\" size-full wp-image-1512\" src=\"http:\/\/wp.tennis-nordhessen.de\/wp-content\/uploads\/2021\/09\/JHV_1.jpg\" alt=\"\" width=\"600\" height=\"361\" srcset=\"https:\/\/tennis-nordhessen.de\/wp-content\/uploads\/2021\/09\/JHV_1.jpg 600w, https:\/\/tennis-nordhessen.de\/wp-content\/uploads\/2021\/09\/JHV_1-300x181.jpg 300w\" sizes=\"auto, (max-width: 600px) 100vw, 600px\" \/><br \/>Das f\u00fcr zwei Jahre neu gew\u00e4hlte Pr\u00e4sidium von links: Wolfgang Henrich, Alexander Wessel, Wolfgang Sch\u00e4fer, J\u00f6rg Stein, Wilfried M\u00fcller und Klaus-Dieter Stondzik.<\/p>\n<p>\u00a0<\/p>\n<p><img loading=\"lazy\" decoding=\"async\" class=\" size-full wp-image-1513\" src=\"http:\/\/wp.tennis-nordhessen.de\/wp-content\/uploads\/2021\/09\/JHV_2.jpg\" alt=\"\" width=\"600\" height=\"486\" srcset=\"https:\/\/tennis-nordhessen.de\/wp-content\/uploads\/2021\/09\/JHV_2.jpg 600w, https:\/\/tennis-nordhessen.de\/wp-content\/uploads\/2021\/09\/JHV_2-300x243.jpg 300w\" sizes=\"auto, (max-width: 600px) 100vw, 600px\" \/><br \/>J\u00f6rg Stein und Karl Emde<\/p>\n<p><img loading=\"lazy\" decoding=\"async\" class=\" size-full wp-image-1514\" src=\"http:\/\/wp.tennis-nordhessen.de\/wp-content\/uploads\/2021\/09\/JHV_3.jpg\" alt=\"\" width=\"600\" height=\"553\" srcset=\"https:\/\/tennis-nordhessen.de\/wp-content\/uploads\/2021\/09\/JHV_3.jpg 600w, https:\/\/tennis-nordhessen.de\/wp-content\/uploads\/2021\/09\/JHV_3-300x277.jpg 300w\" sizes=\"auto, (max-width: 600px) 100vw, 600px\" \/><br \/>J\u00f6rg Stein und Wolfgang Henrich<\/p>\n<p>\u00a0<\/p>\n","protected":false},"excerpt":{"rendered":"<p>Am 03.09.2021 fand erstmals eine Jahreshauptversammlung des Tennisbezirkes Nordhessen im Freien statt. Schauplatz war die teilweise \u00fcberdachte Terrasse der TG [&hellip;]<\/p>\n","protected":false},"author":1,"featured_media":1847,"comment_status":"closed","ping_status":"open","sticky":false,"template":"","format":"standard","meta":{"footnotes":""},"categories":[16],"tags":[],"class_list":["post-1515","post","type-post","status-publish","format-standard","has-post-thumbnail","hentry","category-infos-news"],"_links":{"self":[{"href":"https:\/\/tennis-nordhessen.de\/index.php\/wp-json\/wp\/v2\/posts\/1515","targetHints":{"allow":["GET"]}}],"collection":[{"href":"https:\/\/tennis-nordhessen.de\/index.php\/wp-json\/wp\/v2\/posts"}],"about":[{"href":"https:\/\/tennis-nordhessen.de\/index.php\/wp-json\/wp\/v2\/types\/post"}],"author":[{"embeddable":true,"href":"https:\/\/tennis-nordhessen.de\/index.php\/wp-json\/wp\/v2\/users\/1"}],"replies":[{"embeddable":true,"href":"https:\/\/tennis-nordhessen.de\/index.php\/wp-json\/wp\/v2\/comments?post=1515"}],"version-history":[{"count":0,"href":"https:\/\/tennis-nordhessen.de\/index.php\/wp-json\/wp\/v2\/posts\/1515\/revisions"}],"wp:featuredmedia":[{"embeddable":true,"href":"https:\/\/tennis-nordhessen.de\/index.php\/wp-json\/wp\/v2\/media\/1847"}],"wp:attachment":[{"href":"https:\/\/tennis-nordhessen.de\/index.php\/wp-json\/wp\/v2\/media?parent=1515"}],"wp:term":[{"taxonomy":"category","embeddable":true,"href":"https:\/\/tennis-nordhessen.de\/index.php\/wp-json\/wp\/v2\/categories?post=1515"},{"taxonomy":"post_tag","embeddable":true,"href":"https:\/\/tennis-nordhessen.de\/index.php\/wp-json\/wp\/v2\/tags?post=1515"}],"curies":[{"name":"wp","href":"https:\/\/api.w.org\/{rel}","templated":true}]}}